{"id":3135,"date":"2021-06-21T17:49:00","date_gmt":"2021-06-21T15:49:00","guid":{"rendered":"https:\/\/temporaneo.arciserviziocivile.it\/roma\/?p=3135"},"modified":"2021-12-22T15:07:42","modified_gmt":"2021-12-22T14:07:42","slug":"69-giovani-moltiplicatori-di-visioni","status":"publish","type":"post","link":"https:\/\/temporaneo.arciserviziocivile.it\/roma\/2021\/06\/21\/69-giovani-moltiplicatori-di-visioni\/","title":{"rendered":"69 giovani moltiplicatori di visioni"},"content":{"rendered":"\n<p>Dal 25 maggio 2021 sono 69 le ragazze e i ragazzi che hanno cominciato il loro anno di servizio civile con Arci Servizio Civile Roma APS, in 15 progetti afferenti a 3 diversi programmi, realizzati in 17 organizzazioni, tra associazioni di promozione sociale, di assistenza e istituti culturali, che costituiscono i nodi della rete associativa e sedi di realizzazione dei progetti.<\/p>\n\n\n\n<p>Questi numeri qualificano dal punto di vista quantitativo le azioni di impegno e di cittadinanza attiva promossa da ASC Roma sul territorio romano e di Monterotondo, azioni che hanno un effetto moltiplicatore in termini di benefici diffusi: per i giovani che si impegnano, per le organizzazioni che promuovono e accompagnano quell\u2019impegno e per le comunit\u00e0 e i beni che sono i destinatari delle azioni poste in essere. Lo strumento della programmazione, che da quest\u2019 anno si associa alla progettazione, intende proprio creare una connessione e una continuit\u00e0 tra l\u2019impegno per rispondere ai bisogni delle comunit\u00e0 e delle realt\u00e0 locali e le urgenze planetarie indicate nell\u2019Agenda&nbsp; 2030 per lo Sviluppo Sostenibile, per affrontare un insieme di questioni nevralgiche per lo sviluppo del pianeta e di tutti i suoi abitanti.<\/p>\n\n\n\n<p>Questi numeri raccontano anche una visione, un\u2019idea di mondo, in cui ognuno pu\u00f2 avere un ruolo nella costruzione di una citt\u00e0 dei diritti, basata sulla giustizia sociale, sulla partecipazione, sull\u2019accesso alla cultura e all\u2019educazione per tutti, sulla salvaguardia e tutela del patrimonio culturale e dell\u2019ambiente, tutte considerate condizioni necessarie per creare comunit\u00e0 inclusive e sostenibili. L\u2019impegno delle giovani e dei giovani in servizio civile nel 2021 assume un significato ancora pi\u00f9 importante dopo un anno e mezzo di emergenza Covid, in cui ancora molti sono gli sforzi necessari per contenere la diffusione del virus e per arginare le conseguenze sociali ed economiche della pandemia. In questo scenario il protagonismo del servizio civile, enti e giovani insieme, non \u00e8 solo utile ma necessario.<\/p>\n\n\n\n<p>Le modalit\u00e0 e gli strumenti per dare corpo ad azioni concrete di solidariet\u00e0, di inclusione, di tutela e condivisione di beni culturali e ambientali, di sostenibilit\u00e0 ambientale e sociale sono molteplici e nella rete ASC Roma hanno preso la forma di 3 programmi:<\/p>\n\n\n\n<p><strong>La memoria tra conservazione ed educazione <\/strong>mette insieme le proposte progettuali della Fondazione Gramsci, dell\u2019Istituto Sturzo, della Fondazione Basso, del Centro Sraffa, della Fondazione Murialdi, dell\u2019ANPI nazionale e dell\u2019ANPI provinciale di Roma. I 22 giovani impegnati in 5 progetti si prenderanno cura di specifici archivi e in alcuni casi di supportare le biblioteche ad essi correlate, mettendo mano a documenti ancora da ordinare, organizzare, digitalizzare e mettere in rete, con il doppio scopo di conservare e rendere maggiormente fruibile. La specificit\u00e0 dell\u2019apporto di ogni progetto sta nella peculiarit\u00e0 e unicit\u00e0 della documentazione conservata che, se resa fruibile pu\u00f2 contribuire a migliorare la conoscenza della storia, in particolare quella del Novecento italiano, e a costruire una memoria consapevole e viva, quale strumento di coesione sociale e di rafforzamento delle istituzioni democratiche.<\/p>\n\n\n\n<p><strong>Diritti nella citt\u00e0 <\/strong>\u00e8 il programma costituito da 7 progetti promossi da Arci Solidariet\u00e0 onlus, Lunaria, Fondazione Angelo Frammartino, ANT, Movimento Consumatori, Intersos, UISP. I 31 giovani impegnati svolgono attivit\u00e0, servizi e iniziative di advocacy su diverse situazioni di marginalit\u00e0, disagio, esclusione sociale, culturale ed economica. Il lavoro sociale, culturale e assistenziale per ridurre le ineguaglianze, favorire l\u2019inclusione e rendere le comunit\u00e0 umane accoglienti, sicure e sostenibili, ha un\u2019importanza fondamentale e accomuna l\u2019agire e le intenzioni delle organizzazioni che animano questo programma, in una visione di futuro in cui gli interventi saranno sempre pi\u00f9 integrati per riequilibrare le asimmetrie che ancora persistono nell\u2019accesso ai diritti e alla loro tutela.<\/p>\n\n\n\n<p><strong>Azioni per il clima <\/strong>raccorda 3 progetti, promossi da Legambiente nazionale, Insieme per l\u2019Aniene e Tavola Rotonda APS, in cui 16 giovani sono impegnati in iniziative di sensibilizzazione a stili di vita sostenibili che hanno come finalit\u00e0&nbsp; la salvaguardia ambientale e in particolare la protezione dell\u2019ambiente dai cambiamenti climatici che costituiscono una minaccia a livello globale. L\u2019approccio del programma si pu\u00f2 definire dal pensare globale all\u2019agire locale perch\u00e9 la sfida posta dall\u2019obiettivo 13 dell\u2019Agenda 2030, \u201cPromuovere azioni, a tutti i livelli, per combattere il cambiamento climatico\u201d, pu\u00f2 realizzarsi concretamente attraverso la piena responsabilizzazione dei cittadini circa l\u2019impatto che i comportamenti adottati nel consumo delle risorse naturali hanno sull\u2019ambiente.<\/p>\n","protected":false},"excerpt":{"rendered":"<p>Dal 25 maggio 2021 sono 69 le ragazze e i ragazzi che hanno cominciato il loro anno di servizio civile con Arci Servizio Civile Roma APS, in 15 progetti afferenti&#8230;<\/p>\n","protected":false},"author":5,"featured_media":3168,"comment_status":"open","ping_status":"open","sticky":false,"template":"","format":"standard","meta":{"footnotes":""},"categories":[1],"tags":[295],"_links":{"self":[{"href":"https:\/\/temporaneo.arciserviziocivile.it\/roma\/wp-json\/wp\/v2\/posts\/3135"}],"collection":[{"href":"https:\/\/temporaneo.arciserviziocivile.it\/roma\/wp-json\/wp\/v2\/posts"}],"about":[{"href":"https:\/\/temporaneo.arciserviziocivile.it\/roma\/wp-json\/wp\/v2\/types\/post"}],"author":[{"embeddable":true,"href":"https:\/\/temporaneo.arciserviziocivile.it\/roma\/wp-json\/wp\/v2\/users\/5"}],"replies":[{"embeddable":true,"href":"https:\/\/temporaneo.arciserviziocivile.it\/roma\/wp-json\/wp\/v2\/comments?post=3135"}],"version-history":[{"count":4,"href":"https:\/\/temporaneo.arciserviziocivile.it\/roma\/wp-json\/wp\/v2\/posts\/3135\/revisions"}],"predecessor-version":[{"id":3167,"href":"https:\/\/temporaneo.arciserviziocivile.it\/roma\/wp-json\/wp\/v2\/posts\/3135\/revisions\/3167"}],"wp:featuredmedia":[{"embeddable":true,"href":"https:\/\/temporaneo.arciserviziocivile.it\/roma\/wp-json\/wp\/v2\/media\/3168"}],"wp:attachment":[{"href":"https:\/\/temporaneo.arciserviziocivile.it\/roma\/wp-json\/wp\/v2\/media?parent=3135"}],"wp:term":[{"taxonomy":"category","embeddable":true,"href":"https:\/\/temporaneo.arciserviziocivile.it\/roma\/wp-json\/wp\/v2\/categories?post=3135"},{"taxonomy":"post_tag","embeddable":true,"href":"https:\/\/temporaneo.arciserviziocivile.it\/roma\/wp-json\/wp\/v2\/tags?post=3135"}],"curies":[{"name":"wp","href":"https:\/\/api.w.org\/{rel}","templated":true}]}}