{"id":602,"date":"2023-10-25T14:55:39","date_gmt":"2023-10-25T12:55:39","guid":{"rendered":"https:\/\/temporaneo.arciserviziocivile.it\/martinafranca\/?p=602"},"modified":"2023-10-25T14:55:42","modified_gmt":"2023-10-25T12:55:42","slug":"legge-stabilita-precarieta-ed-incertezza-per-il-servizio-civile","status":"publish","type":"post","link":"https:\/\/temporaneo.arciserviziocivile.it\/martinafranca\/2023\/10\/25\/legge-stabilita-precarieta-ed-incertezza-per-il-servizio-civile\/","title":{"rendered":"Legge stabilit\u00e0: \u201cPrecariet\u00e0 ed incertezza per il servizio civile\u201d"},"content":{"rendered":"\n<p>Un accorato appello per chiedere la stabilizzazione del Servizio Civile Universale, per i giovani e per la Patria.<\/p>\n\n\n\n<p>\u201c<em>Riconoscere e valorizzare l\u2019Istituto del Servizio Civile quale scuola di educazione civica e palestra di cittadinanza attiva delle nuove generazioni, destinando risorse se non maggiori quantomeno stabili e coerenti con gli investimenti degli anni precedenti<\/em>\u201d \u00e8 quello che chiedono la Rappresentanza Nazionale degli Operatori Volontari (RNVSC), il&nbsp;<a rel=\"noreferrer noopener\" href=\"http:\/\/www.forumserviziocivile.it\/\" target=\"_blank\">Forum Nazionale Servizio Civile<\/a>&nbsp;(FNSC), la&nbsp;<a rel=\"noreferrer noopener\" href=\"https:\/\/www.cnesc.it\/\" target=\"_blank\">Conferenza Nazionale Enti per il Servizio Civile<\/a>&nbsp;(CNESC), il&nbsp;<a href=\"https:\/\/csvnet.it\/\" target=\"_blank\" rel=\"noreferrer noopener\">CSVnet \u2013 Associazione centri di servizio per il volontariato<\/a>, con una lettera indirizzata al Governo.<\/p>\n\n\n\n<p>Un accorato appello dei giovani e degli enti volto a richiamare l\u2019attenzione sul futuro del Servizio Civile Universale in questi mesi in cui si sta lavorando alla legge di Bilancio 2024.<\/p>\n\n\n\n<p>\u201c<em>Dopo un triennio che ha visto il potenziamento del contingente, anche grazie ai fondi del PNRR, il servizio civile rischia di scivolare nuovamente in una situazione di precariet\u00e0 e incertezza.<\/em><br><em>Il bando che sar\u00e0 emanato entro la fine del 2023, infatti, secondo quanto previsto dal Documento di Programmazione Finanziaria 2023 del Dipartimento per le Politiche giovanili e il Servizio civile universale,&nbsp;<strong>prevede l\u2019avvio di appena 45.000 giovani<\/strong>, a fronte dei 71.000 dell\u2019anno scorso, e di circa 80.000 posizioni messe a disposizione dagli enti in fase di progettazione.<\/em><br><em>Ancora pi\u00f9 preoccupante \u00e8 la disponibilit\u00e0 finanziaria prevista dalla Legge di Bilancio per il prossimo anno che&nbsp;<strong>ammonta a soli 150 milioni di euro, sufficienti ad avviare appena 20.000 giovani<\/strong>. Numeri che ci allontanano dall\u2019obiettivo di renderlo davvero universale e dalla possibilit\u00e0 di assicurare a tutti i giovani l\u2019opportunit\u00e0 di servire pacificamente la Patria, impegnarsi per la propria comunit\u00e0 e il bene comune<\/em>\u201d scrivono gli enti.<\/p>\n\n\n\n<blockquote class=\"wp-block-quote\">\n<p class=\"has-vivid-red-color has-text-color\"><em>Per sostanziare l\u2019aggettivo \u201cuniversale\u201d del Servizio civile, dando davvero a tutti quelli che hanno voglia, l\u2019opportunit\u00e0 di farlo, c\u2019\u00e8 bisogno di stabilizzazione e programmazione. I fondi devono essere adeguati, serve una continuit\u00e0 \u201cliberata\u201d dai dibattiti annuali della legge di bilancio<\/em><strong> <\/strong><\/p>\n\n\n\n<p class=\"has-black-color has-text-color\"><strong>Rosario Lerro<\/strong>, Presidente ASC nazionale aps<\/p>\n<\/blockquote>\n\n\n\n<p>I rappresentanti chiedono quindi al Governo e alle forze parlamentari \u201c<em>di&nbsp;<strong>utilizzare i risparmi dei mancati avvii del bando in corso, pari ad almeno 130 milioni, per potenziare il bando 2023 e di prevedere nella nuova Legge di bilancio almeno 280 milioni aggiuntivi per il 2024<\/strong>, che permetterebbero di avviare un contingente di 60.000 operatori volontari in Italia e 1.500 all\u2019estero<\/em>\u201d.<\/p>\n\n\n\n<p>\u201cIn una situazione di forte tensione sociale e di sfilacciamento delle nostre comunit\u00e0, il Servizio Civile rappresenta un potente strumento di coesione e inclusione. \u00c8 inoltre un\u2019opportunit\u00e0 educativa unica, che fonda il processo di apprendimento sull\u2019esperienza, e forma giovani cittadini capaci di assumersi responsabilit\u00e0 e di impegnarsi per le comunit\u00e0, favorendo l\u2019acquisizione di competenze civiche, sociali e professionali spendibili anche nei percorsi futuri, di vita e di lavoro\u201d sottolineano RNVSC, FNSC, CNESC e CSVNet. \u201cUn valore sociale ed educativo dimostrato in questi 50 anni, come pi\u00f9 volte richiamato dallo stesso Ministro Abodi, che ha lavorato per un riconoscimento materiale e culturale dell\u2019esperienza di servizio civile attraverso la previsione di una riserva di posti nei concorsi della PA per i giovani che lo hanno svolto\u201d.<br>\u201cTutto il mondo del Servizio Civile seguir\u00e0 con grande fiducia i lavori parlamentari dei prossimi giorni e ci rendiamo, sin da ora, disponibili a qualsiasi utile confronto\u201d concludono i promotori dell\u2019appello.<\/p>\n","protected":false},"excerpt":{"rendered":"<p>#legge di stabilit\u00e0 #servizio civile<\/p>\n","protected":false},"author":33,"featured_media":603,"comment_status":"open","ping_status":"open","sticky":true,"template":"","format":"standard","meta":{"footnotes":""},"categories":[15,5],"tags":[],"_links":{"self":[{"href":"https:\/\/temporaneo.arciserviziocivile.it\/martinafranca\/wp-json\/wp\/v2\/posts\/602"}],"collection":[{"href":"https:\/\/temporaneo.arciserviziocivile.it\/martinafranca\/wp-json\/wp\/v2\/posts"}],"about":[{"href":"https:\/\/temporaneo.arciserviziocivile.it\/martinafranca\/wp-json\/wp\/v2\/types\/post"}],"author":[{"embeddable":true,"href":"https:\/\/temporaneo.arciserviziocivile.it\/martinafranca\/wp-json\/wp\/v2\/users\/33"}],"replies":[{"embeddable":true,"href":"https:\/\/temporaneo.arciserviziocivile.it\/martinafranca\/wp-json\/wp\/v2\/comments?post=602"}],"version-history":[{"count":1,"href":"https:\/\/temporaneo.arciserviziocivile.it\/martinafranca\/wp-json\/wp\/v2\/posts\/602\/revisions"}],"predecessor-version":[{"id":604,"href":"https:\/\/temporaneo.arciserviziocivile.it\/martinafranca\/wp-json\/wp\/v2\/posts\/602\/revisions\/604"}],"wp:featuredmedia":[{"embeddable":true,"href":"https:\/\/temporaneo.arciserviziocivile.it\/martinafranca\/wp-json\/wp\/v2\/media\/603"}],"wp:attachment":[{"href":"https:\/\/temporaneo.arciserviziocivile.it\/martinafranca\/wp-json\/wp\/v2\/media?parent=602"}],"wp:term":[{"taxonomy":"category","embeddable":true,"href":"https:\/\/temporaneo.arciserviziocivile.it\/martinafranca\/wp-json\/wp\/v2\/categories?post=602"},{"taxonomy":"post_tag","embeddable":true,"href":"https:\/\/temporaneo.arciserviziocivile.it\/martinafranca\/wp-json\/wp\/v2\/tags?post=602"}],"curies":[{"name":"wp","href":"https:\/\/api.w.org\/{rel}","templated":true}]}}