{"id":436,"date":"2021-04-06T14:35:21","date_gmt":"2021-04-06T12:35:21","guid":{"rendered":"http:\/\/temporaneo.arciserviziocivile.it\/martinafranca\/?p=436"},"modified":"2021-04-06T14:35:21","modified_gmt":"2021-04-06T12:35:21","slug":"pubblicate-le-graduatorie-provvisorie","status":"publish","type":"post","link":"https:\/\/temporaneo.arciserviziocivile.it\/martinafranca\/2021\/04\/06\/pubblicate-le-graduatorie-provvisorie\/","title":{"rendered":"PUBBLICATE LE GRADUATORIE PROVVISORIE"},"content":{"rendered":"\n<p><\/p>\n\n\n\n<p>Si tratta di un elenco #provvisorio, perch\u00e9 il Dipartimento per le Politiche Giovanili e il #serviziocivile le vaglier\u00e0 e solo al termine di questa fase diventeranno #definitive.<\/p>\n\n\n\n<p>Accanto al proprio nome, il candidato trover\u00e0 una delle tre definizioni: selezionato, idoneo non selezionato oppure non idoneo\/non presente al colloquio.<\/p>\n\n\n\n<p>Chi \u00e8 stato #selezionato sar\u00e0 contattato nelle prossime settimane e ricever\u00e0 le indicazioni necessarie all\u2019avvio, programmato per il 25 maggio.<\/p>\n\n\n\n<p>Chi \u00e8 #idoneo non selezionato non \u00e8 entrato tra i partecipanti al progetto, per\u00f2 se qualcuno in graduatoria rinuncia potrebbe scalare l\u2019elenco e rientrare.<\/p>\n\n\n\n<p>Infine, chi risulta essere #nonidoneo \/non presente al colloquio, non ha possibilit\u00e0 di fare servizio civile con questo bando.<\/p>\n\n\n\n<p>&#x1f4c5; &#x1f3c3;&#x1f3fb;&#x200d;&#x2640;&#xfe0f;&#x1f3c3; Ancora poche settimane e si parte: l\u2019inizio del servizio civile per i progetti di ASC \u00e8 programmato per il 25 maggio.<\/p>\n\n\n\n<p>&#x1f4f8; Vlad Che\u021ban<\/p>\n\n\n\n<p>&#x1f449;&#x1f449;&#x1f449;<a href=\"https:\/\/drive.google.com\/file\/d\/1gFUCJg6kChCqOoUTmArcArE2OAzxdOkc\/view?usp=sharing\" target=\"_blank\" rel=\"noreferrer noopener\">QUI TROVATE LE GRADUATORIE PROVVISORIE<\/a><br><\/p>\n","protected":false},"excerpt":{"rendered":"<p>Si tratta di un elenco #provvisorio, perch\u00e9 il Dipartimento per le Politiche Giovanili e il #serviziocivile le vaglier\u00e0 e solo al termine di questa fase diventeranno #definitive. Accanto al proprio&#8230;<\/p>\n","protected":false},"author":33,"featured_media":435,"comment_status":"open","ping_status":"open","sticky":true,"template":"","format":"standard","meta":{"footnotes":""},"categories":[5,1],"tags":[],"_links":{"self":[{"href":"https:\/\/temporaneo.arciserviziocivile.it\/martinafranca\/wp-json\/wp\/v2\/posts\/436"}],"collection":[{"href":"https:\/\/temporaneo.arciserviziocivile.it\/martinafranca\/wp-json\/wp\/v2\/posts"}],"about":[{"href":"https:\/\/temporaneo.arciserviziocivile.it\/martinafranca\/wp-json\/wp\/v2\/types\/post"}],"author":[{"embeddable":true,"href":"https:\/\/temporaneo.arciserviziocivile.it\/martinafranca\/wp-json\/wp\/v2\/users\/33"}],"replies":[{"embeddable":true,"href":"https:\/\/temporaneo.arciserviziocivile.it\/martinafranca\/wp-json\/wp\/v2\/comments?post=436"}],"version-history":[{"count":1,"href":"https:\/\/temporaneo.arciserviziocivile.it\/martinafranca\/wp-json\/wp\/v2\/posts\/436\/revisions"}],"predecessor-version":[{"id":438,"href":"https:\/\/temporaneo.arciserviziocivile.it\/martinafranca\/wp-json\/wp\/v2\/posts\/436\/revisions\/438"}],"wp:featuredmedia":[{"embeddable":true,"href":"https:\/\/temporaneo.arciserviziocivile.it\/martinafranca\/wp-json\/wp\/v2\/media\/435"}],"wp:attachment":[{"href":"https:\/\/temporaneo.arciserviziocivile.it\/martinafranca\/wp-json\/wp\/v2\/media?parent=436"}],"wp:term":[{"taxonomy":"category","embeddable":true,"href":"https:\/\/temporaneo.arciserviziocivile.it\/martinafranca\/wp-json\/wp\/v2\/categories?post=436"},{"taxonomy":"post_tag","embeddable":true,"href":"https:\/\/temporaneo.arciserviziocivile.it\/martinafranca\/wp-json\/wp\/v2\/tags?post=436"}],"curies":[{"name":"wp","href":"https:\/\/api.w.org\/{rel}","templated":true}]}}