{"id":575,"date":"2023-11-07T12:45:12","date_gmt":"2023-11-07T11:45:12","guid":{"rendered":"https:\/\/temporaneo.arciserviziocivile.it\/cosenza\/?p=575"},"modified":"2023-11-07T13:02:55","modified_gmt":"2023-11-07T12:02:55","slug":"servizio-civile-digitale-la-graduatoria-di-asc","status":"publish","type":"post","link":"https:\/\/temporaneo.arciserviziocivile.it\/cosenza\/2023\/11\/07\/servizio-civile-digitale-la-graduatoria-di-asc\/","title":{"rendered":"Servizio Civile Digitale: la graduatoria di ASC"},"content":{"rendered":"\n<p><strong>Pubblicato l\u2019elenco dei candidati selezionati. Aggiornate i calendari: si parte il 14 dicembre coi progetti di servizio civile digitale.<\/strong><\/p>\n\n\n\n<p>I\/le candidati\/e che hanno presentato domanda per fare servizio civile, in queste settimane, sono stati tutti invitati ai colloqui necessari per conoscere al meglio i giovani aspiranti.<br>La motivazione e la conoscenza del progetto \u00e8 stato il criterio guida per capire chi fosse il candidato pi\u00f9 idoneo, poi c\u2019\u00e8 stata la comparazione del curriculum vitae ma sempre integrando le informazioni con i racconti e le esperienze emerse durante il colloquio.<\/p>\n\n\n\n<p><strong>PERCH\u00c9 PROVVISORIE<\/strong><br>Va chiarito che l\u2019elenco in allegato \u00e8 ancora provvisorio. La graduatoria che ASC aps ha stilato \u00e8 stata inviata al Dipartimento per le Politiche Giovanili e il Servizio Civile Universale, che la vaglier\u00e0, facendo le verifiche previste nel bando. Ecco che, formalmente, solo al termine di quella fase sar\u00e0 considerata definitiva.<\/p>\n\n\n\n<p><strong>RESI ANONIMI<\/strong><br>Per questioni di privacy, gli elenchi sono stati resi anonimi seguendo l\u2019indicazione del Dipartimento per le Politiche Giovanili e il Servizio Civile Universale,.<br>Ogni candidato \u00e8 indentificato con il RIFERIMENTO DOMANDA, ossia il numero indicato in alto a sinistra (sopra i loghi) che compare nella domanda di candidatura e che \u00e8 stata inviata per mail.<\/p>\n\n\n\n<p><strong>3 CATEGORIE<\/strong><br>Nella graduatoria, accanto al numero identificativo della propria domanda, il candidato trover\u00e0 una di queste tre definizioni:<br>\u2022 selezionato,<br>\u2022 idoneo non selezionato,<br>\u2022 non idoneo\/non presente al colloquio.<\/p>\n\n\n\n<p><strong>Selezionato<\/strong> \u00e8 il candidato scelto per il progetto di servizio civile. Sar\u00e0 contattato dall\u2019ente nelle prossime settimane e ricever\u00e0 tutte le indicazioni necessarie all\u2019avvio che \u00e8 programmato per il 14 dicembre.<\/p>\n\n\n\n<p>Chi \u00e8 <strong>idoneo<\/strong> non selezionato, ha i requisiti ma non \u00e8 tra i partecipanti al progetto. Attenzione: se qualcuno tra i selezionati rinuncia, l\u2019elenco scorre e i candidati idonei in graduatoria potranno iniziare il loro anno di servizio civile digitale.<br>Infine, chi risulta essere <strong>non idoneo\/non presente<\/strong> al colloquio, non ha possibilit\u00e0 di fare servizio civile con questo bando, ma magari raggiunger\u00e0 i requisiti necessari con il prossimo bando.<\/p>\n\n\n\n<p><strong>CHI RINUNCIA<\/strong><br>Pu\u00f2 capitare che gli idonei selezionati rinuncino alla posizione prima della partenza. In tal caso \u00e8 gradita una mail per avvisare il prima possibile.<br>In questo modo, per ASC aps sar\u00e0 possibile aggiornare le graduatorie e contattare i candidati in graduatoria per avviare le sostituzioni.<\/p>\n\n\n\n<div data-wp-interactive=\"\" class=\"wp-block-file\"><object data-wp-bind--hidden=\"!selectors.core.file.hasPdfPreview\" hidden class=\"wp-block-file__embed\" data=\"https:\/\/temporaneo.arciserviziocivile.it\/cosenza\/wp-content\/uploads\/sites\/10\/Graduatorie-2023-dei-progetti-di-servizio-civile-digitale.pdf\" type=\"application\/pdf\" style=\"width:100%;height:600px\" aria-label=\"Incorporamento di Graduatorie-2023-dei-progetti-di-servizio-civile-digitale.\"><\/object><a id=\"wp-block-file--media-d716bd6d-bef3-49bb-9856-3091d4c24bd1\" href=\"https:\/\/temporaneo.arciserviziocivile.it\/cosenza\/wp-content\/uploads\/sites\/10\/Graduatorie-2023-dei-progetti-di-servizio-civile-digitale.pdf\">Graduatorie-2023-dei-progetti-di-servizio-civile-digitale<\/a><a href=\"https:\/\/temporaneo.arciserviziocivile.it\/cosenza\/wp-content\/uploads\/sites\/10\/Graduatorie-2023-dei-progetti-di-servizio-civile-digitale.pdf\" class=\"wp-block-file__button wp-element-button\" download aria-describedby=\"wp-block-file--media-d716bd6d-bef3-49bb-9856-3091d4c24bd1\">Download<\/a><\/div>\n","protected":false},"excerpt":{"rendered":"<p>Pubblicato l\u2019elenco dei candidati selezionati. Aggiornate i calendari: si parte il 14 dicembre coi progetti di servizio civile digitale. I\/le candidati\/e che hanno presentato domanda per fare servizio civile, in&#8230;<\/p>\n","protected":false},"author":14,"featured_media":578,"comment_status":"open","ping_status":"open","sticky":false,"template":"","format":"standard","meta":{"footnotes":""},"categories":[10,6,1],"tags":[],"_links":{"self":[{"href":"https:\/\/temporaneo.arciserviziocivile.it\/cosenza\/wp-json\/wp\/v2\/posts\/575"}],"collection":[{"href":"https:\/\/temporaneo.arciserviziocivile.it\/cosenza\/wp-json\/wp\/v2\/posts"}],"about":[{"href":"https:\/\/temporaneo.arciserviziocivile.it\/cosenza\/wp-json\/wp\/v2\/types\/post"}],"author":[{"embeddable":true,"href":"https:\/\/temporaneo.arciserviziocivile.it\/cosenza\/wp-json\/wp\/v2\/users\/14"}],"replies":[{"embeddable":true,"href":"https:\/\/temporaneo.arciserviziocivile.it\/cosenza\/wp-json\/wp\/v2\/comments?post=575"}],"version-history":[{"count":1,"href":"https:\/\/temporaneo.arciserviziocivile.it\/cosenza\/wp-json\/wp\/v2\/posts\/575\/revisions"}],"predecessor-version":[{"id":577,"href":"https:\/\/temporaneo.arciserviziocivile.it\/cosenza\/wp-json\/wp\/v2\/posts\/575\/revisions\/577"}],"wp:featuredmedia":[{"embeddable":true,"href":"https:\/\/temporaneo.arciserviziocivile.it\/cosenza\/wp-json\/wp\/v2\/media\/578"}],"wp:attachment":[{"href":"https:\/\/temporaneo.arciserviziocivile.it\/cosenza\/wp-json\/wp\/v2\/media?parent=575"}],"wp:term":[{"taxonomy":"category","embeddable":true,"href":"https:\/\/temporaneo.arciserviziocivile.it\/cosenza\/wp-json\/wp\/v2\/categories?post=575"},{"taxonomy":"post_tag","embeddable":true,"href":"https:\/\/temporaneo.arciserviziocivile.it\/cosenza\/wp-json\/wp\/v2\/tags?post=575"}],"curies":[{"name":"wp","href":"https:\/\/api.w.org\/{rel}","templated":true}]}}