{"id":530,"date":"2023-09-26T14:12:08","date_gmt":"2023-09-26T12:12:08","guid":{"rendered":"https:\/\/temporaneo.arciserviziocivile.it\/cosenza\/?p=530"},"modified":"2023-09-26T14:49:53","modified_gmt":"2023-09-26T12:49:53","slug":"accreditamento-2023","status":"publish","type":"post","link":"https:\/\/temporaneo.arciserviziocivile.it\/cosenza\/2023\/09\/26\/accreditamento-2023\/","title":{"rendered":"ACCREDITAMENTO 2023"},"content":{"rendered":"<p>Care e Cari accreditando la tua Associazione o il tuo Ente Locale hai la possibilit\u00e0, volendo, di poter avviare operativamente progetti gi\u00e0 a far data dal 2025 (entro il 2023 sar\u00e0 attivo l&#8217;accreditamento e dal 2024 si avvier\u00e0 la fase di progettazione condivisa).<br>Leggi la guida allegata per scoprire i servizi che offre Arci Servizio Civile Cosenza e perch\u00e8 accreditare la tua associazione.<br>Considerando la tempistica necessaria per la fase di accreditamento e della successiva progettazione risulta evidente la necessit\u00e0 di accreditarsi per tempo.<\/p>\n<p><span style=\"color: #ff0000\"><strong>SCADENZA 07 ottobre 2023<\/strong><\/span> &#8211; Entro tale data occorre: &#8211; inviare la documentazione per la richiesta di accreditamento e deposito al dipartimento via mail a cosenza@ascmail.it<br>Restiamo a disposizione per qualsiasi chiarimento.<br><em><strong>Contattaci al 347 5746607 il marted\u00ec dalle 9,15 alle 12,45 e dalle 14,00 alle 17,00 ed il venerd\u00ec dalle 9,15 alle 12,45.<\/strong><\/em><\/p>\n\n\n<figure class=\"wp-block-gallery has-nested-images columns-default is-cropped wp-block-gallery-1 is-layout-flex wp-block-gallery-is-layout-flex\"><\/figure>\n\n\n\n<div data-wp-interactive=\"\" class=\"wp-block-file\"><object data-wp-bind--hidden=\"!selectors.core.file.hasPdfPreview\" hidden class=\"wp-block-file__embed\" data=\"https:\/\/temporaneo.arciserviziocivile.it\/cosenza\/wp-content\/uploads\/sites\/10\/Opportunita_Accreditamento_ASC_CS-2.pdf\" type=\"application\/pdf\" style=\"width:100%;height:600px\" aria-label=\"Incorporamento di Opportunita_Accreditamento_ASC_CS-2.\"><\/object><a id=\"wp-block-file--media-afb03ae4-0973-41a5-ae70-06f27b892fa3\" href=\"https:\/\/temporaneo.arciserviziocivile.it\/cosenza\/wp-content\/uploads\/sites\/10\/Opportunita_Accreditamento_ASC_CS-2.pdf\">Opportunita_Accreditamento_ASC_CS-2<\/a><a href=\"https:\/\/temporaneo.arciserviziocivile.it\/cosenza\/wp-content\/uploads\/sites\/10\/Opportunita_Accreditamento_ASC_CS-2.pdf\" class=\"wp-block-file__button wp-element-button\" download aria-describedby=\"wp-block-file--media-afb03ae4-0973-41a5-ae70-06f27b892fa3\">Download<\/a><\/div>\n","protected":false},"excerpt":{"rendered":"<p>Care e Cari accreditando la tua Associazione o il tuo Ente Locale hai la possibilit\u00e0, volendo, di poter avviare operativamente progetti gi\u00e0 a far data dal 2025 (entro il 2023&#8230;<\/p>\n","protected":false},"author":14,"featured_media":549,"comment_status":"open","ping_status":"open","sticky":true,"template":"","format":"standard","meta":{"footnotes":""},"categories":[10,6,1],"tags":[],"_links":{"self":[{"href":"https:\/\/temporaneo.arciserviziocivile.it\/cosenza\/wp-json\/wp\/v2\/posts\/530"}],"collection":[{"href":"https:\/\/temporaneo.arciserviziocivile.it\/cosenza\/wp-json\/wp\/v2\/posts"}],"about":[{"href":"https:\/\/temporaneo.arciserviziocivile.it\/cosenza\/wp-json\/wp\/v2\/types\/post"}],"author":[{"embeddable":true,"href":"https:\/\/temporaneo.arciserviziocivile.it\/cosenza\/wp-json\/wp\/v2\/users\/14"}],"replies":[{"embeddable":true,"href":"https:\/\/temporaneo.arciserviziocivile.it\/cosenza\/wp-json\/wp\/v2\/comments?post=530"}],"version-history":[{"count":6,"href":"https:\/\/temporaneo.arciserviziocivile.it\/cosenza\/wp-json\/wp\/v2\/posts\/530\/revisions"}],"predecessor-version":[{"id":552,"href":"https:\/\/temporaneo.arciserviziocivile.it\/cosenza\/wp-json\/wp\/v2\/posts\/530\/revisions\/552"}],"wp:featuredmedia":[{"embeddable":true,"href":"https:\/\/temporaneo.arciserviziocivile.it\/cosenza\/wp-json\/wp\/v2\/media\/549"}],"wp:attachment":[{"href":"https:\/\/temporaneo.arciserviziocivile.it\/cosenza\/wp-json\/wp\/v2\/media?parent=530"}],"wp:term":[{"taxonomy":"category","embeddable":true,"href":"https:\/\/temporaneo.arciserviziocivile.it\/cosenza\/wp-json\/wp\/v2\/categories?post=530"},{"taxonomy":"post_tag","embeddable":true,"href":"https:\/\/temporaneo.arciserviziocivile.it\/cosenza\/wp-json\/wp\/v2\/tags?post=530"}],"curies":[{"name":"wp","href":"https:\/\/api.w.org\/{rel}","templated":true}]}}